{"id":1802,"date":"2019-01-25T11:29:35","date_gmt":"2019-01-25T10:29:35","guid":{"rendered":"http:\/\/www.piecesauto-pro.fr\/magazine\/?p=1802"},"modified":"2019-01-25T11:29:35","modified_gmt":"2019-01-25T10:29:35","slug":"remplacer-le-filtre-a-pollen","status":"publish","type":"post","link":"https:\/\/www.piecesauto-pro.fr\/magazine\/remplacer-le-filtre-a-pollen-1802","title":{"rendered":"Pour un contr\u00f4le ad\u00e9quat du climatiseur dans la voiture: remplacer le filtre \u00e0 pollen par soi-m\u00eame!"},"content":{"rendered":"<h4 style=\"text-align: center;\"><strong>Malgr\u00e9 son nom, un filtre \u00e0 pollen peut faire beaucoup plus que simplement filtrer le pollen, c\u2019est pourquoi il est aussi appel\u00e9 filtre d\u2019habitacle. Cette pi\u00e8ce d\u00e9tach\u00e9e essentielle a une influence directe sur la qualit\u00e9 de l\u2019air \u00e0 l\u2019int\u00e9rieur de la voiture, y garantissant ainsi une temp\u00e9rature agr\u00e9able. Ceci est malheureusement souvent n\u00e9glig\u00e9 et beaucoup d\u2019automobilistes conduisent avec un filtre \u00e0 pollen encrass\u00e9. Ceci est tout aussi d\u00e9solant que son remplacement est tr\u00e8s simple sur la plupart des voitures.<\/strong><\/h4>\n<h3><strong>Le filtre d\u2019habitacle \u2013 ses r\u00f4les<\/strong><\/h3>\n<p><img loading=\"lazy\" decoding=\"async\" class=\"alignleft\" src=\"http:\/\/www.piecesauto-pro.fr\/magazine\/wp-content\/uploads\/2019\/01\/Pollenfilter-wechseln-2.jpg\" alt=\"Le r\u00f4le principal du filtre d\u2019habitacle\" width=\"263\" height=\"351\"\/><em><strong>Le r\u00f4le principal du filtre d\u2019habitacle est \u00e9vident, c\u2019est-\u00e0-dire le filtrage des particules ind\u00e9sirables de l\u2019admission d\u2019air<\/strong><\/em>. Ceci est particuli\u00e8rement important en zone urbaine, o\u00f9 des particules notamment <em>de suie, azote, ozone, dioxyde de soufre et hydrocarbures<\/em> doivent \u00eatre filtr\u00e9s de l\u2019air en addition \u00e0 la poussi\u00e8re et la crasse. Ces \u00e9l\u00e9ments sont caus\u00e9s par les autres voitures mais aussi par des produits d\u00e9riv\u00e9s industriels. L\u2019arriv\u00e9e du printemps et de l\u2019\u00e9t\u00e9 rendent aussi le filtrage du pollen nocif n\u00e9cessaire. Tant que le filtre fonctionne correctement, il les \u00e9limine presque enti\u00e8rement et fait de votre voiture une oasis d\u2019air frais.<\/p>\n<p><strong>Lorsque le filtre d\u2019habitacle fonctionne correctement, <a href=\"http:\/\/www.piecesauto-pro.fr\/magazine\/climatisation-de-votre-voiture-377\">le chauffage et l\u2019air conditionn\u00e9<\/a> ont besoin de moins travailler pour atteindre la temp\u00e9rature d\u00e9sir\u00e9e \u00e0 l\u2019int\u00e9rieur de l\u2019habitacle<\/strong>. R\u00e9ciproquement, le moteur utilise moins de carburant et g\u00e9n\u00e8re moins de CO2 et autres particules. Le remplacement r\u00e9gulier du filtre est donc important non seulement pour votre bien-\u00eatre mais aussi pour contribuer activement \u00e0 un environnement plus propre.<\/p>\n<h3><strong>Signes d\u2019un besoin de remplacement<\/strong><\/h3>\n<p><strong>Le filtre \u00e0 pollen est directement et indirectement li\u00e9 \u00e0 de nombreux process. Les signes peuvent donc varier<\/strong>. Une odeur de moisissure dans la voiture est le premier signe d\u2019un besoin de remplacement, bien que pouvant aussi \u00eatre caus\u00e9e par un air conditionn\u00e9 encrass\u00e9. La d\u00e9t\u00e9rioration du fonctionnement du chauffage et du souffleur se d\u00e9t\u00e9riorent sont aussi des signes typiques.<strong> D\u2019autres sympt\u00f4mes peuvent \u00eatre une augmentation de la consommation de carburant et m\u00eame des vitres embu\u00e9es par les particules d\u2019eau contenues dans l\u2019air p\u00e9n\u00e9trant dans l\u2019habitacle<\/strong>. En \u00e9t\u00e9, les patients allergiques constateront imm\u00e9diatement un bouchage du filtre \u00e0 pollen par la pr\u00e9sence de pollen dans l\u2019air. Un film gras sur les vitres en est aussi un signe.<br \/>\n<img decoding=\"async\"  class=\"aligncenter\" src=\"http:\/\/www.piecesauto-pro.fr\/magazine\/wp-content\/uploads\/2019\/01\/Pollenfilter-wechseln-3.jpg\" alt=\"Signes d\u2019un besoin de remplacement du filtre \u00e0 pollen\" \/>Aucun intervalle de remplacement n\u2019est d\u00e9fini, mais la plupart des fabricants recommandent <em><strong>un remplacement tous les 15000 km<\/strong><\/em> sauf indication contraire. Si vous n\u2019utilisez pas votre voiture r\u00e9guli\u00e8rement et n\u2019atteignez pas ce kilom\u00e9trage, pr\u00e9voyez cependant un remplacement annuel du filtre. Pour les patients allergiques, le d\u00e9but du printemps est le moment id\u00e9al.<\/p>\n<p>Le filtre est le plus mis \u00e0 contribution <strong>en automne et en hiver<\/strong> et son remplacement permettra de retrouver une capacit\u00e9 de fonctionnement optimale.<\/p>\n<h3><strong>Filtre \u00e0 pollen \u2013 lequel est le bon?<\/strong><\/h3>\n<p>Tous les filtres \u00e0 pollen sont diff\u00e9rents. Plusieurs marques, mod\u00e8les et mat\u00e9riaux sont propos\u00e9s sur le march\u00e9:<\/p>\n<table border=\"10\" width=\"700\">\n<thead>\n<tr>\n<td><a href=\"https:\/\/www.piecesauto-pro.fr\/pieces-detachees\/filtre-a-pollen\"><img loading=\"lazy\" decoding=\"async\" class=\"alignleft\" src=\"http:\/\/www.piecesauto-pro.fr\/magazine\/wp-content\/uploads\/2019\/01\/shutterstock_246446545-e1522836739581.jpg\" alt=\"boutique des filtres de cabine\" width=\"243\" height=\"243\" \/><\/a><\/p>\n<h2 style=\"text-align: center;\"><span style=\"color: #000000;\"><strong>Boutique des Filtres de cabine<\/strong><\/span><\/h2>\n<h4 style=\"text-align: center;\"><span style=\"color: #1fa31a;\"><strong>pas cher \u00e0 partir de 3,52 \u20ac<\/strong><\/span><\/h4>\n<h3 style=\"text-align: center;\"><span style=\"color: #ff6600;\"><strong><a style=\"color: #ff6600;\" href=\"https:\/\/www.piecesauto-pro.fr\/pieces-detachees\/filtre-a-pollen\">Commandez maintenant<\/a> \u21d2<\/strong><\/span><\/h3>\n<\/td>\n<\/tr>\n<\/thead>\n<\/table>\n<table style=width=\"446\">\n<tbody>\n<tr>\n<td style=\"text-align: left;\" width=\"446\">\n<img loading=\"lazy\" decoding=\"async\" class=\"alignright\" src=\"http:\/\/www.piecesauto-pro.fr\/magazine\/wp-content\/uploads\/2019\/01\/Pollenfilter-wechseln-4.jpg\" alt=\"filtre \u00e0 pollen standard\" width=\"351\" height=\"195\"\/>&#8211; <strong>Les filtres standard<\/strong> avec pr\u00e9-filtre g\u00e9n\u00e9ralement en fibre de coton, une couche de microfibre et une couche de base filtrent correctement la poussi\u00e8re, le pollen et les particules. D\u2019autres particules peuvent n\u00e9anmoins p\u00e9n\u00e9trer \u00e0 l\u2019int\u00e9rieur de la voiture. Ce filtre convient aux personnes non sensibles.\n<\/td>\n<\/tr>\n<tr>\n<td style=\"text-align: left;\" width=\"446\">\n<img loading=\"lazy\" decoding=\"async\" class=\"alignleft\" src=\"http:\/\/www.piecesauto-pro.fr\/magazine\/wp-content\/uploads\/2019\/01\/Pollenfilter-wechseln-5.jpg\" alt=\"Filtre de cabine au charbon actif\" width=\"351\" height=\"235\"\/>&#8211; <strong>Filtre au charbon actif<\/strong>. Ils sont \u00e9quip\u00e9s d\u2019une couche suppl\u00e9mentaire de charbon actif qui permet de filtrer aussi les gaz d\u2019\u00e9chappement, particules, odeurs et gaz nocifs. L\u2019air de l\u2019habitacle est clairement plus frais et l\u2019air conditionn\u00e9 fonctionne plus efficacement. Convient aux personnes allergiques et aux personnes sensibles.\n<\/td>\n<\/tr>\n<tr>\n<td style=\"text-align: left;\" width=\"446\">\n<img loading=\"lazy\" decoding=\"async\" class=\"alignright\" src=\"http:\/\/www.piecesauto-pro.fr\/magazine\/wp-content\/uploads\/2019\/01\/Pollenfilter-wechseln-6.jpg\" alt=\"Filtre de cabine \u00e0 allerg\u00e8nes\" width=\"351\" height=\"235\"\/>&#8211; <strong>Les filtres bio-fonctionnels \/ \u00e0 allerg\u00e8nes<\/strong> sont connus sous diff\u00e9rents noms de marques en fonction de leur fabricant (par exemple Filtre +). Ils poss\u00e8dent une couche de polyph\u00e9nol qui joue un r\u00f4le anti-allerg\u00e8ne et anti-microbien, et permet ainsi d\u2019emp\u00eacher les spores de moisissure, allerg\u00e8nes et bact\u00e9ries de p\u00e9n\u00e9trer \u00e0 l\u2019int\u00e9rieur de la voiture. Conviennent aux personnes tr\u00e8s sensibles et aux personnes sujettes aux maladies.<\/td>\n<\/tr>\n<\/tbody>\n<\/table>\n<h3><strong>Nettoyer le filtre \u00e0 pollen \u2013 est-ce possible?<\/strong><\/h3>\n<p><img loading=\"lazy\" decoding=\"async\" class=\"alignleft\" src=\"http:\/\/www.piecesauto-pro.fr\/magazine\/wp-content\/uploads\/2019\/01\/Pollenfilter-wechseln-7.jpg\" alt=\"Nettoyer le filtre \u00e0 pollen\" width=\"400\" height=\"267\"\/>Il est pr\u00e9f\u00e9rable de nettoyer le filtre \u00e0 pollen plut\u00f4t que le remplacer. Ceci peut \u00eatre r\u00e9alis\u00e9 \u00e0 l\u2019aide d\u2019un aspirateur ou un compresseur d\u2019air, qui \u00e9liminera une grande partie des particules de poussi\u00e8re visibles. Cette proc\u00e9dure ne permet malheureusement pas d\u2019atteindre les couches plus profondes du filtre et n\u2019offrent donc pas une meilleure performance du filtre. Un remplacement est rarement \u00e9vitable.<\/p>\n<h3 style=\"text-align: center;\"><strong>Aper\u00e7u: informations principales sur cette pi\u00e8ce<\/strong><\/h3>\n<table style=\"background-color: #f0ffff;\" width=\"446\">\n<tbody>\n<tr>\n<td style=\"text-align: left;\" width=\"446\">\n<p style=\"text-align: center;\"><strong><em>Quel est le r\u00f4le du filtre \u00e0 pollen?<\/em><\/strong><br \/>\n&#8211; Le filtre \u00e0 pollen, ou plus pr\u00e9cis\u00e9ment le filtre d\u2019habitacle, filtre les particules ind\u00e9sirables pr\u00e9sentes dans l\u2019air.<br \/>\n&#8211; Ces particules sont notamment la poussi\u00e8re et la crasse, mais aussi le pollen, les substances toxiques, odeurs et allerg\u00e8nes.<\/p>\n<p style=\"text-align: center;\"><strong><em>Quels sont les sympt\u00f4mes d\u2019usure typiques?<\/em><\/strong><br \/>\n&#8211; une odeur d\u00e9sagr\u00e9able de moisissure \u00e0 l\u2019int\u00e9rieur de la voiture<br \/>\n&#8211; une d\u00e9t\u00e9rioration de la performance de l\u2019air conditionn\u00e9<br \/>\n&#8211; apparition de sympt\u00f4mes d\u2019allergie<br \/>\n&#8211; augmentation de la consommation de carburant<br \/>\n&#8211; en automne et en hiver: apparition de bu\u00e9e sur les vitres.<\/p>\n<\/td>\n<\/tr>\n<tr>\n<td style=\"text-align: left;\" width=\"446\">\n<p style=\"text-align: center;\"><strong><em>Quand le filtre \u00e0 pollen doit-il \u00eatre remplac\u00e9?<\/em><\/strong><br \/>\n&#8211; Id\u00e9alement tous les 15000 kilom\u00e8tres ou une fois par an<br \/>\n&#8211; Les donn\u00e9es du fabricant peuvent \u00eatre diff\u00e9rentes<br \/>\n&#8211; La meilleure p\u00e9riode pour un remplacement est le printemps.<\/p>\n<\/td>\n<\/tr>\n<tr>\n<td style=\"text-align: left;\" width=\"446\">\n<p style=\"text-align: center;\"><strong><em>Quel filtre devrais-je acheter?<\/em><\/strong><br \/>\n&#8211; Les filtres standard jouent leur r\u00f4le, mais ne peuvent pas \u00e9viter les odeurs. Les filtres au charbon emp\u00eachent la formation de mauvaises odeurs, ils conviennent donc aux personnes allergiques. Les filtres bio-fonctionnels sont particuli\u00e8rement utiles aux personnes sensibles.<\/p>\n<\/td>\n<\/tr>\n<\/tbody>\n<\/table>\n<h2 style=\"text-align: center;\"><strong>Remplacer le filtre \u00e0 pollen vous-m\u00eame<\/strong><\/h2>\n<p>Le type de montage et l\u2019emplacement du filtre d\u2019habitacle peuvent varier consid\u00e9rablement. Pour cette raison, ce manuel vous pr\u00e9sente deux options.<\/p>\n<p><strong>Option A est destin\u00e9e aux voitures dont le filtre d\u2019habitacle est install\u00e9 derri\u00e8re le panneau de capot ou sur l\u2019avanc\u00e9e \u00e0 l\u2019extr\u00e9mit\u00e9 sous le capot. Option B est pour les voitures dont le filtre d\u2019habitacle est install\u00e9 \u00e0 l\u2019int\u00e9rieur. <\/strong><\/p>\n<p>Consultez le manuel de votre voiture pour d\u00e9terminer l\u2019option applicable \u00e0 votre voiture. Celle-ci est indiqu\u00e9e par trois courbes parall\u00e8les sur les images et sch\u00e9mas correspondants.<\/p>\n<table style=\"background-color: #f0ffff;\" width=\"446\">\n<tbody>\n<tr>\n<td style=\"text-align: left;\" width=\"446\">\n<h4 style=\"text-align: center;\"><strong>Option A:<\/strong><\/h4>\n<p><img decoding=\"async\" class=\"aligncenter\" src=\"http:\/\/www.piecesauto-pro.fr\/magazine\/wp-content\/uploads\/2019\/01\/Pollenfilter-wechseln-9.jpg\" alt=\"Remplacer le filtre \u00e0 pollen dans le compartiment du moteur vous-m\u00eame\" \/><strong>1. Si le filtre d\u2019habitacle est situ\u00e9 dans le compartiment du moteur<\/strong>, attendez au moins 30 minutes apr\u00e8s l\u2019arr\u00eat de la voiture avant d\u2019effectuer son remplacement pour \u00e9viter les br\u00fblures.<\/p>\n<p><strong>2. Ouvrez le capot et maintenez-le \u00e0 l\u2019aide de la tige de support du capot<\/strong>.<\/p>\n<p><strong>3. Sur la plupart des voitures il est n\u00e9cessaire de retirer les essuie-glaces du pare-brise<\/strong>. Leurs vis peuvent \u00eatre desserr\u00e9es \u00e0 l\u2019aide d\u2019une cl\u00e9 ad\u00e9quate et extraits avec le capot ferm\u00e9.<\/p>\n<p><strong>4. Le couvercle un plastique sous le pare-brise est appel\u00e9 panneau de capot<\/strong>. Il est fix\u00e9 par plusieurs clips qui peuvent \u00eatre soulev\u00e9s puis extraits tout en tournant avec un tournevis.<\/p>\n<p><strong>5. Le cadre du filtre \u00e0 pollen est fix\u00e9 par des clips faciles \u00e0 retirer en tirant vers le haut<\/strong>. Le cadre de l\u2019ancien filtre peut alors \u00eatre extrait.<\/p>\n<p><strong>6. V\u00e9rifiez la taille et la position du cadre avant d\u2019installer le nouveau filtre<\/strong>. Assurez-vous que la direction d\u2019installation est correcte. Des fl\u00e8ches marqu\u00e9es \u00abAir Flow\u00bb sur le cadre indiquent la direction vers l\u2019int\u00e9rieur.<\/p>\n<p><strong>7. Remettez les clips en place sur le compartiment du filtre d\u2019habitacle et installez le panneau de capot sur l\u2019avanc\u00e9e \u00e0 l\u2019aide de ses clips<\/strong>. Enfin, r\u00e9installez les essuie-glaces \u00e0 l\u2019aide des \u00e9crous correspondants.<\/p>\n<p><strong>8. D\u00e9marrez la voiture et l\u2019air conditionn\u00e9<\/strong>. V\u00e9rifiez que la temp\u00e9rature est atteinte et la dur\u00e9e n\u00e9cessaire pour refroidir. Si tout fonctionne correctement, la r\u00e9paration est r\u00e9ussie.<\/td>\n<\/tr>\n<\/tbody>\n<\/table>\n<table style=\"background-color: #f0ffff;\" width=\"446\">\n<tbody>\n<tr>\n<td style=\"text-align: left;\" width=\"446\">\n<h4 style=\"text-align: center;\"><strong>Option B:<\/strong><\/h4>\n<p><img decoding=\"async\" src=\"http:\/\/www.piecesauto-pro.fr\/magazine\/wp-content\/uploads\/2019\/01\/Pollenfilter-wechseln-8.jpg\" alt=\"Remplacer le filtre \u00e0 pollen \u00e0 l\u2019int\u00e9rieur de la voiture\" \/><strong>1. Si le filtre \u00e0 pollen est situ\u00e9 \u00e0 l\u2019int\u00e9rieur de la voiture<\/strong>, regardez sous la bo\u00eete \u00e0 gant c\u00f4t\u00e9 passager ou dans l\u2019espace pieds pour v\u00e9rifier que le compartiment du filtre marqu\u00e9 est l\u00e0.<\/p>\n<p><strong>2. Si vous ne le trouvez pas, retirez partiellement la bo\u00eete \u00e0 gants et les vis correspondantes pour localiser le compartiment<\/strong>.<\/p>\n<p><strong>3. Le compartiment du filtre est fix\u00e9 par des clips<\/strong>. Pour les ouvrir, vous devez les d\u00e9placer vers l\u2019int\u00e9rieur et apr\u00e8s les tirer vers le haut.<\/p>\n<p><strong>4. Tirez le filtre \u00e0 pollen avec son cadre hors du compartiment<\/strong>.<\/p>\n<p><strong>5. Comparez les tailles et emplacements du cadre avec le nouveau filtre et respectez la direction d\u2019installation<\/strong>. Le cadre est marqu\u00e9 de fl\u00e8ches \u00abAir Flow\u00bb. Assurez-vous que celles-ci sont dirig\u00e9es vers l\u2019int\u00e9rieur de la voiture.<\/p>\n<p><strong>6. Placez les clips sur le compartiment et poussez-les<\/strong> jusqu\u2019\u00e0 ce que vous les entendiez cliquer ou sentiez une certaine r\u00e9sistance.<\/p>\n<p><strong>7. Remettez la bo\u00eete \u00e0 gants en place \u00e0 l\u2019aide des vis correspondantes<\/strong>.<\/p>\n<p><strong>8. D\u00e9marrez le moteur et l\u2019air conditionn\u00e9<\/strong>. V\u00e9rifiez son fonctionnement et le passage de chaud \u00e0 froid, en surveillant la dur\u00e9e n\u00e9cessaire pour atteindre la temp\u00e9rature d\u00e9sir\u00e9e. En cas de probl\u00e8me, le remplacement est un \u00e9chec.<\/td>\n<\/tr>\n<\/tbody>\n<\/table>\n<h3 style=\"text-align: center;\"><strong>Erreurs d\u2019installation possibles<\/strong><\/h3>\n<p><img loading=\"lazy\" decoding=\"async\" class=\"alignleft\" src=\"http:\/\/www.piecesauto-pro.fr\/magazine\/wp-content\/uploads\/2019\/01\/Pollenfilter-wechseln-10.jpg\" alt=\"Erreurs d\u2019installation du filtre \u00e0 pollen\" width=\"400\" height=\"265\"\/>Le remplacement du filtre \u00e0 pollen est g\u00e9n\u00e9ralement tellement simple que m\u00eame les d\u00e9butants ne peuvent pas commettre d\u2019erreurs s\u00e9rieuses. Il est n\u00e9anmoins possible que <a href=\"http:\/\/www.piecesauto-pro.fr\/magazine\/essuie-glaces-securite-inspection-choix-changement-244\">les essuie-glaces<\/a> ou autres pi\u00e8ces aient \u00e9t\u00e9 install\u00e9es de mani\u00e8re incorrecte. Dans ce cas, des vibrations pourraient provoquer des bruits lors de la conduite. Les vis et clips doivent alors \u00eatre resserr\u00e9s.<a href=\"https:\/\/www.piecesauto-pro.fr\/pieces-detachees\/filtre-a-pollen\/mf-bosch\"><img decoding=\"async\" src=\"http:\/\/www.piecesauto-pro.fr\/magazine\/wp-content\/uploads\/2019\/01\/Filtre-Int\u00e9rieur-BOSCH-D\u00e9compresseur-Livraison-en-24h.png\" alt=\"Filtre Int\u00e9rieur BOSCH\" \/><\/a> La seule erreur grave concerne la direction d\u2019installation du filtre. Malgr\u00e9 la comparaison et les fl\u00e8ches, le filtre est install\u00e9 \u00e0 l\u2019envers, les grosses particules de poussi\u00e8re bouchent les couches fines, et le filtre souffre alors d\u2019une long\u00e9vit\u00e9 consid\u00e9rablement diminu\u00e9e et d\u2019une d\u00e9t\u00e9rioration de la filtration de l\u2019air. La direction correcte doit donc toujours \u00eatre respect\u00e9e lors de l\u2019installation.<\/p>\n<p><span style=\"font-size: small;\">Foto: Lukatme, Zhou Eka, wellphoto, faithvera, ZhdanHenn, MicrostockStudio, Alraun, iMolly, kostasgr, dashadima \/ shutterstock.com<\/span><\/p>\n","protected":false},"excerpt":{"rendered":"<p>Malgr\u00e9 son nom, un filtre \u00e0 pollen peut faire beaucoup plus que simplement filtrer le pollen, c\u2019est pourquoi il est aussi appel\u00e9 filtre d\u2019habitacle. Cette pi\u00e8ce d\u00e9tach\u00e9e essentielle a une influence directe sur la qualit\u00e9 de l\u2019air \u00e0 l\u2019int\u00e9rieur de la voiture, y garantissant ainsi une temp\u00e9rature agr\u00e9able. Ceci est malheureusement souvent n\u00e9glig\u00e9 et beaucoup [&hellip;]<\/p>\n","protected":false},"author":1,"featured_media":1803,"comment_status":"open","ping_status":"closed","sticky":false,"template":"","format":"standard","meta":{"footnotes":""},"categories":[6],"tags":[],"class_list":["post-1802","post","type-post","status-publish","format-standard","has-post-thumbnail","hentry","category-conseils-pratiques"],"_links":{"self":[{"href":"https:\/\/www.piecesauto-pro.fr\/magazine\/wp-json\/wp\/v2\/posts\/1802","targetHints":{"allow":["GET"]}}],"collection":[{"href":"https:\/\/www.piecesauto-pro.fr\/magazine\/wp-json\/wp\/v2\/posts"}],"about":[{"href":"https:\/\/www.piecesauto-pro.fr\/magazine\/wp-json\/wp\/v2\/types\/post"}],"author":[{"embeddable":true,"href":"https:\/\/www.piecesauto-pro.fr\/magazine\/wp-json\/wp\/v2\/users\/1"}],"replies":[{"embeddable":true,"href":"https:\/\/www.piecesauto-pro.fr\/magazine\/wp-json\/wp\/v2\/comments?post=1802"}],"version-history":[{"count":2,"href":"https:\/\/www.piecesauto-pro.fr\/magazine\/wp-json\/wp\/v2\/posts\/1802\/revisions"}],"predecessor-version":[{"id":1818,"href":"https:\/\/www.piecesauto-pro.fr\/magazine\/wp-json\/wp\/v2\/posts\/1802\/revisions\/1818"}],"wp:featuredmedia":[{"embeddable":true,"href":"https:\/\/www.piecesauto-pro.fr\/magazine\/wp-json\/wp\/v2\/media\/1803"}],"wp:attachment":[{"href":"https:\/\/www.piecesauto-pro.fr\/magazine\/wp-json\/wp\/v2\/media?parent=1802"}],"wp:term":[{"taxonomy":"category","embeddable":true,"href":"https:\/\/www.piecesauto-pro.fr\/magazine\/wp-json\/wp\/v2\/categories?post=1802"},{"taxonomy":"post_tag","embeddable":true,"href":"https:\/\/www.piecesauto-pro.fr\/magazine\/wp-json\/wp\/v2\/tags?post=1802"}],"curies":[{"name":"wp","href":"https:\/\/api.w.org\/{rel}","templated":true}]}}