{"id":49,"date":"2017-06-19T16:03:43","date_gmt":"2017-06-19T14:03:43","guid":{"rendered":"https:\/\/www.piecesauto-pro.fr\/magazine\/?p=49"},"modified":"2018-11-09T10:29:47","modified_gmt":"2018-11-09T09:29:47","slug":"vw-bulli-du-flower-power-bulli-vers-un-classique-du-futur","status":"publish","type":"post","link":"https:\/\/www.piecesauto-pro.fr\/magazine\/vw-bulli-du-flower-power-bulli-vers-un-classique-du-futur-49","title":{"rendered":"VW Bulli: Du Flower-Power-Bulli vers un classique du futur"},"content":{"rendered":"<p style=\"text-align: center;\">Il a une utilit\u00e9 consid\u00e9rable, m\u00eame \u00e0 un \u00e2ge avanc\u00e9. Il jouis \u00e9galement d&rsquo;une popularit\u00e9 g\u00e9n\u00e9ralis\u00e9e. Ce n\u2019est pas sans raison que VolksWagen a pr\u00e9sent\u00e9 en 2015 une nouvelle \u00e9dition de Classic. Une telle popularit\u00e9 et un tel succ\u00e8s de vente n&rsquo;\u00e9taient cependant pas pr\u00e9vus, et ne l&rsquo;\u00e9taient pas non plus le 8 mai 1950 pr\u00e9cis\u00e9ment, \u00e0 Wolfsburg quand ce sont \u00e9coul\u00e9s les dix premi\u00e8res Volkswagen Transporteurs. Elles ont autrefois \u00e9t\u00e9 baptis\u00e9 VW Bus Bulli et repr\u00e9sentent, apr\u00e8s la Coccinelle la deuxi\u00e8me gamme de Volkswagen pr\u00e9vue \u00e0 des fins usagers. Au d\u00e9but cela faisait sourire les parties concern\u00e9es comme Flower-Power-Mobil, puis les camionnettes ont \u00e9volu\u00e9 rapidement et en un laps de temps tr\u00e8s court en un joyau pour les fabricants d\u2018automobiles de Wolfsburg.<\/p>\n<table border=\"10\" width=\"700\">\n<thead>\n<tr>\n<td><a href=\"https:\/\/www.piecesauto-pro.fr\/pieces-vw-transporter\"><img loading=\"lazy\" decoding=\"async\" class=\"alignleft\" src=\"http:\/\/www.piecesauto-pro.fr\/magazine\/wp-content\/uploads\/2018\/11\/shutterstock_337460243-e1541755188457.jpg\" alt=\"Magasin discount de pi\u00e8ces d\u00e9tach\u00e9es Bulli\" width=\"243\" height=\"243\" \/><\/a><\/p>\n<h2 style=\"text-align: center;\"><span style=\"color: #000000;\"><strong>Magasin discount de pi\u00e8ces d\u00e9tach\u00e9es Bulli<\/strong><\/span><\/h2>\n<h4 style=\"text-align: center;\"><span style=\"color: #1fa31a;\"><strong>\u00c9conomisez jusqu&rsquo;\u00e0 80% sur l&rsquo;achat<\/strong><\/span><\/h4>\n<h3 style=\"text-align: center;\"><span style=\"color: #ff6600;\"><strong><a style=\"color: #ff6600;\" href=\"https:\/\/www.piecesauto-pro.fr\/pieces-vw-transporter\">\u0421ommander en ligne<\/a> \u21d2<\/strong><\/span><\/h3>\n<\/td>\n<\/tr>\n<\/thead>\n<\/table>\n<h3><strong>Le combi VW Bulli T1 de Volkswagen: Une star est n\u00e9e <\/strong><\/h3>\n<p>Bien que les Coccinelles et les VW Bulli ne pr\u00e9sentaient pas les m\u00eames similitudes physiques ni les m\u00eames finalit\u00e9s, les Transporteurs ont bas\u00e9 leurs technologies sur celle des l\u00e9gendaires coccinelles. Voila \u00e0 quoi ressemblaient les premiers mod\u00e8les des Combi Volkswagen, fournis d\u2018une puissance de 19 kW puis de 31 kW au d\u00e9but des ann\u00e9es soixante. Pour la premi\u00e8re fois ils pouvaient d\u00e9passer les 100km\/h avec les 1,5 Liter-Boxer. En 1965 Volkswagen a accord\u00e9 1,5 kW suppl\u00e9mentaire \u00e0 son combi T1 puis les Transporteurs \u00e9taient dor\u00e9navant livr\u00e9s avec 12 Volt.<\/p>\n<h3><strong>Le T1 \u00e9volue en vente et en exportation<\/strong><\/h3>\n<p>Malgr\u00e9 toutes les optimisations Volkswagen a finalement cess\u00e9, dix-sept ann\u00e9es plus tard, la production pour le march\u00e9 allemand des bus VW T1. Le mod\u00e8le est venu aux retraites bien m\u00e9rit\u00e9es comme un h\u00e9ro rayonnant. Puis le v\u00e9hicule est devenu de fa\u00e7on inattendu un v\u00e9ritable best-seller. En Allemagne seulement pouvait \u00eatre vendus environ 183 millions de mod\u00e8le Bulli de cette premi\u00e8re g\u00e9n\u00e9ration jusqu&rsquo;\u00e0 l&rsquo;arr\u00eat de la production. Au Br\u00e9sil la production de T1 a d&rsquo;ailleurs m\u00eame continu\u00e9 jusqu&rsquo;aux ann\u00e9es 2000 et les Transporteurs ont \u00e9t\u00e9 produit encore un milions de fois de plus . Seulement les ateliers sp\u00e9cialis\u00e9s et s\u00e9lectionn\u00e9s, connu par exemple pour leur qualit\u00e9 et leur standard de service, peuvent encore aujourd&rsquo;hui se charger des pi\u00e8ces de rechanges raffin\u00e9es et qualitatives pour ces mod\u00e8les de Volkswagen.<br \/>\n<iframe loading=\"lazy\" title=\"Volkswagen Transporter : les 65 ans d&#039;histoire du Combi\" width=\"640\" height=\"360\" src=\"https:\/\/www.youtube.com\/embed\/hryPMKJX61Y?feature=oembed\" frameborder=\"0\" allow=\"accelerometer; autoplay; clipboard-write; encrypted-media; gyroscope; picture-in-picture; web-share\" referrerpolicy=\"strict-origin-when-cross-origin\" allowfullscreen><\/iframe><\/p>\n<h3><strong>Un rajeunissement radical: Le VW Bulli T1 opte pour une apparence plus moderne <\/strong><\/h3>\n<p>Une popularit\u00e9 encore plus consid\u00e9rable est gagn\u00e9e avec la sortie du <a href=\"https:\/\/www.piecesauto-pro.fr\/pieces-vw-transporter\/transporter-iii-autobus-autocar\">Transporteur VW T3<\/a>, construit entre 1979 et 1990. En effet, tous furent frapp\u00e9s par son aspect moderne adapt\u00e9 \u00e0 l\u2019esprit de l&rsquo;\u00e9poque. Les designers de la troisi\u00e8me g\u00e9n\u00e9ration de Bulli ont donc produit un rajeunissement, con\u00e7u carr\u00e9 et anguleux. Cela a beaucoup plus, la ligne ou plut\u00f4t le fa\u00e7onnage \u00e9tait \u00e0 cette \u00e9poque tr\u00e8s appr\u00e9ci\u00e9. Mais ce n&rsquo;est pas du tout le seul facteur qui a permit au T3 de devenir un v\u00e9hicule culte. En effet l&rsquo;\u00e9largissement du mod\u00e8le de la gamme est \u00e9galement un facteur important : Hormis les variantes de v\u00e9hicules utilitaires pour l\u2019artisanat et le commerce, l\u2019agence automobili\u00e8re de Wolfsburg proposait d\u00e9sormais \u00e9galement un camping-car pour les voyageurs.<\/p>\n<h3><strong>Le Bus Oettinger fait du combi une v\u00e9ritable voiture de sport <\/strong><\/h3>\n<p>En 1985 Volkswagen \u00e9largit de nouveau son portfolio avec les bus Oettinger si typiques. Ce fut un moment fort dans l\u2019histoire de l\u2019entreprise. Ces mod\u00e8les dot\u00e9s d\u2019une puissance de 132 kW fortifi\u00e9e par le moteur V6 furent consid\u00e9r\u00e9s comme des voitures de sport authentiques et ont fait beaucoup de ravages aupr\u00e8s des pilotes automobiles professionnels. M\u00eame la concurrence sportive n\u2019a pu nier son admiration pour les Bus Oettinger. Ce n\u2019est pas sans raison que Porsche a ensuite \u00e9galement propos\u00e9 avec son mod\u00e8le B32 ses propres camionnettes, bas\u00e9e sur la Caravelle de Volkswagen. Pour souligner le caract\u00e8re sportif du v\u00e9hicule, Porsche l\u2019a con\u00e7u avec 173 kW sous le capot.<\/p>\n<h3><strong>VW Bulli: la l\u00e9gende vit encore dans les mod\u00e8les actuels <\/strong><\/h3>\n<p>Les mod\u00e8les modernes des VW Bulli sont encore aujourd&rsquo;hui jug\u00e9s selon la m\u00e9thode de construction et le fa\u00e7onnage des T1. Visuellement des progr\u00e8s ont \u00e9t\u00e9 accomplis et la technologie s\u2019est d\u00e9velopp\u00e9e par de nombreuses optimisations et innovations. Cependant dans chacun des mod\u00e8les vit encore le l\u00e9gendaire T1. Ces Bulli traditionnels manquent pourtant \u00e0 certains: notamment le son des premiers mod\u00e8les gargouillant, qui, quelque part, faisait penser aux chansons de Joe Cocker ou de Bob Dylan.<\/p>\n<h3><strong>Le nouveau T6: entre nostalgie et high-tech<\/strong><\/h3>\n<p><img decoding=\"async\" src=\"https:\/\/www.piecesauto-pro.fr\/magazine\/wp-content\/uploads\/2017\/06\/Fotolia_134540112_S.jpg\" alt=\"VW Bulli\" \/><br \/>\nDisponible en vente depuis 2015, le T6 exalte maintenant tout de m\u00eame un charme identique \u00e0 celui de l\u2019original des ann\u00e9es 1950 et 1960. Parmi ces mod\u00e8les on retrouve en particulier le multivan \u201cGeneration Six\u201d renforc\u00e9 par ses racines. Le prototype ressemble visuellement aux premiers Bulli l\u00e9gendaires. M\u00eame le design peut \u00eatre interpr\u00e9t\u00e9 comme un hommage au T1, par le formage marqu\u00e9 tout autour de la partie avant et arri\u00e8re.<br \/>\nLes caract\u00e9ristiques du T6 ne reposent cependant pas seulement sur des digressions nostalgiques, mais surtout sur une technologie tr\u00e8s moderne. Un moteur de norme Euro 6 moderne de s\u00e9rie avec BlueMotion Technology, un mat\u00e9riel de grande qualit\u00e9, des si\u00e8ges confortables, une multitudes d\u2019Infodivertissement fonctionnelles, partielles et innovatives et \u00e9galement un syst\u00e8me d&rsquo;assistance au conducteur font du nouveau \u2018vieux\u2019 Bulli un classique du futur.<\/p>\n<p>Foto: Art Konovalov, paul prescott \/ shutterstock.com<\/p>\n","protected":false},"excerpt":{"rendered":"<p>Il a une utilit\u00e9 consid\u00e9rable, m\u00eame \u00e0 un \u00e2ge avanc\u00e9. Il jouis \u00e9galement d&rsquo;une popularit\u00e9 g\u00e9n\u00e9ralis\u00e9e. Ce n\u2019est pas sans raison que VolksWagen a pr\u00e9sent\u00e9 en 2015 une nouvelle \u00e9dition de Classic. Une telle popularit\u00e9 et un tel succ\u00e8s de vente n&rsquo;\u00e9taient cependant pas pr\u00e9vus, et ne l&rsquo;\u00e9taient pas non plus le 8 mai 1950 [&hellip;]<\/p>\n","protected":false},"author":1,"featured_media":32,"comment_status":"open","ping_status":"open","sticky":false,"template":"","format":"standard","meta":{"footnotes":""},"categories":[9],"tags":[],"class_list":["post-49","post","type-post","status-publish","format-standard","has-post-thumbnail","hentry","category-oldtimers"],"_links":{"self":[{"href":"https:\/\/www.piecesauto-pro.fr\/magazine\/wp-json\/wp\/v2\/posts\/49","targetHints":{"allow":["GET"]}}],"collection":[{"href":"https:\/\/www.piecesauto-pro.fr\/magazine\/wp-json\/wp\/v2\/posts"}],"about":[{"href":"https:\/\/www.piecesauto-pro.fr\/magazine\/wp-json\/wp\/v2\/types\/post"}],"author":[{"embeddable":true,"href":"https:\/\/www.piecesauto-pro.fr\/magazine\/wp-json\/wp\/v2\/users\/1"}],"replies":[{"embeddable":true,"href":"https:\/\/www.piecesauto-pro.fr\/magazine\/wp-json\/wp\/v2\/comments?post=49"}],"version-history":[{"count":9,"href":"https:\/\/www.piecesauto-pro.fr\/magazine\/wp-json\/wp\/v2\/posts\/49\/revisions"}],"predecessor-version":[{"id":58,"href":"https:\/\/www.piecesauto-pro.fr\/magazine\/wp-json\/wp\/v2\/posts\/49\/revisions\/58"}],"wp:featuredmedia":[{"embeddable":true,"href":"https:\/\/www.piecesauto-pro.fr\/magazine\/wp-json\/wp\/v2\/media\/32"}],"wp:attachment":[{"href":"https:\/\/www.piecesauto-pro.fr\/magazine\/wp-json\/wp\/v2\/media?parent=49"}],"wp:term":[{"taxonomy":"category","embeddable":true,"href":"https:\/\/www.piecesauto-pro.fr\/magazine\/wp-json\/wp\/v2\/categories?post=49"},{"taxonomy":"post_tag","embeddable":true,"href":"https:\/\/www.piecesauto-pro.fr\/magazine\/wp-json\/wp\/v2\/tags?post=49"}],"curies":[{"name":"wp","href":"https:\/\/api.w.org\/{rel}","templated":true}]}}