{"id":822,"date":"2017-08-21T14:53:10","date_gmt":"2017-08-21T12:53:10","guid":{"rendered":"https:\/\/www.piecesauto-pro.fr\/magazine\/?p=822"},"modified":"2017-08-22T14:47:56","modified_gmt":"2017-08-22T12:47:56","slug":"bmw-m1-et-renault-alpine","status":"publish","type":"post","link":"https:\/\/www.piecesauto-pro.fr\/magazine\/bmw-m1-et-renault-alpine-822","title":{"rendered":"BMW M1 et Renault Alpine &#8211; Des voitures de collection vraiment top!"},"content":{"rendered":"<h4 style=\"text-align: center;\"><strong>Ce sont des l\u00e9gendes. Des l\u00e9gendes dont les origines sont dr\u00f4les et tragiques. Des l\u00e9gendes poss\u00e9dant un point commun: elles \u00e9taient d\u00e9j\u00e0 de bonnes voitures \u00e0 leurs fabrications, et sont devenues de v\u00e9ritables <a href=\"https:\/\/www.piecesauto-pro.fr\/magazine\/acheter-une-voiture-classiques-121\">voitures de collection<\/a> au cours du temps. Nous parlons des BMW M1 et des Renault Alpine. Que cela porte sur l&rsquo;apparence, la puissance du moteur, les sensations lors de la conduite, ou sur l&rsquo;\u00e9quipement, le charme culte de ses voitures est aujourd&rsquo;hui des plus omnipr\u00e9sents. Cela peut se remarquer \u00e0 tout moment sur le prix.<\/strong><\/h4>\n<h3 style=\"text-align: center;\"><strong>BMW M1: Le h\u00e9ros de la jeunesse<\/strong><\/h3>\n<p><img loading=\"lazy\" decoding=\"async\" class=\"aligncenter\" src=\"https:\/\/www.piecesauto-pro.fr\/magazine\/wp-content\/uploads\/2017\/08\/5080447043_c678f16dfd_z.jpg\" alt=\"BMW M1 voiture de sport\" width=\"525\" height=\"328\" \/>Pour les anciennes g\u00e9n\u00e9rations, elle est le h\u00e9ro de la jeunesse. Pour les passionn\u00e9s de course, elle est celle qui a fait rena\u00eetre l&rsquo;esprit des voitures de course. La grandeur de la BMW M1 appara\u00eet clairement dans le fait qu&rsquo;elle n&rsquo;a eu aucuns successeurs depuis presque 40 ans. <strong><em>Pour \u00eatre honn\u00eate<\/em><\/strong>, nous ne verrons sans doute plus jamais de voitures de courses semblables, roulant sur les routes normales, hors des pistes. Et cela, bien que la version routi\u00e8re M1 ait \u00e9t\u00e9 plut\u00f4t n\u00e9glig\u00e9e au d\u00e9but.<\/p>\n<p>En effet, par son <em>r\u00e9acteur de formule 1 <\/em>int\u00e9gr\u00e9, BMW avait pour plan d&rsquo;effrayer la concurrence, le circuit groupe 4, soit la <em>Porsche Carrera RS<\/em>, la <em>Ferrari 365 GTB4<\/em> et les autres l\u00e9gendes de courses automobiles. Pendant la m\u00eame p\u00e9riode, une version routi\u00e8re a \u00e9t\u00e9 cr\u00e9e. Pour ce faire, BMW n&rsquo;a pas m\u00e9nag\u00e9 ses efforts et a entam\u00e9 des collaborations intelligentes. C&rsquo;est ainsi que <em>Lamborghini<\/em> s&rsquo;est retrouv\u00e9 impliqu\u00e9 dans le d\u00e9veloppement du ch\u00e2ssis et de l&rsquo;assemblage du plancher, ainsi que dans le montage et la fabrication, pendant que le designer talentueux <em>Giorgetto Giugiaro (Italdesign)<\/em> cr\u00e9ait la forme de la voiture.<\/p>\n<p><img loading=\"lazy\" decoding=\"async\" class=\"alignright\" src=\"https:\/\/www.piecesauto-pro.fr\/magazine\/wp-content\/uploads\/2017\/08\/bmw-m1-3.jpg\" alt=\"version routi\u00e8re BMW M1\" width=\"430\" height=\"269\" \/>La plan d&rsquo;action \u00e9tait donn\u00e9, l&rsquo;\u00e9quipe \u00e9tait impatiente et les ambitions \u00e9taient \u00e9normes. Mais parfois, les r\u00eaves partent en \u00e9clats comme des bulles. Ou au moins en partie. En 1976, BMW ramait et s&rsquo;\u00e9loignait de ses plans ambitieux. Le <em>r\u00e9acteur de formule 1<\/em> faisait face \u00e0 des obstacles financi\u00e8res et temporels, et fut remplac\u00e9 par un moteur \u00e0 six cylindres plac\u00e9 \u00e0 l&rsquo;arri\u00e8re, con\u00e7u par le roi du moteur des sport automobile <em>Paul Rosche<\/em>. Au m\u00eame moment fut choisie une nouvelle carrosserie, un empattement plus petit et des dimensions ext\u00e9rieures plus faibles pour r\u00e9duire la quantit\u00e9 de mat\u00e9riel.<br \/>\n<a href=\"https:\/\/www.piecesauto-pro.fr\/pieces-detachees\/frein-a-disque\/bmw\"><img decoding=\"async\" class=\"aligncenter\" src=\"https:\/\/www.piecesauto-pro.fr\/magazine\/wp-content\/uploads\/2017\/08\/Frein-\u00e0-Disque-original-pour-BMW.jpg\" alt=\"Frein \u00e0 Disque original pour BMW\" \/><\/a><\/p>\n<h3 class=\"alignleft\" style=\"text-align: center;\"><strong>La version routi\u00e8re des BMW M1 fascine toujours aujourd&rsquo;hui<\/strong><\/h3>\n<p><img loading=\"lazy\" decoding=\"async\" class=\"alignleft\" src=\"https:\/\/www.piecesauto-pro.fr\/magazine\/wp-content\/uploads\/2017\/08\/bmw-m1-4.jpg\" alt=\"Les BMW M1 limit\u00e9s\" width=\"430\" height=\"269\" \/><br \/>\n&nbsp;<br \/>\nBMW annon\u00e7ait en 1977 le d\u00e9veloppement du dernier sprint. <em>Train de roulement, ch\u00e2ssis, moteur et syst\u00e8me de direction<\/em> \u00e9taient test\u00e9s, le moteur \u00e0 six cylindres se retrouvait presque tout le temps sur le banc d&rsquo;essai, l&rsquo;ergonomie re\u00e7u sa touche finale, et dans la chambre climatique tout \u00e9tait aussi enti\u00e8rement test\u00e9, enfin, \u00e0 Nard\u00f3 \u00e9taient r\u00e9alis\u00e9s continuellement des essais \u00e0 haute vitesse.<\/p>\n<p>Et finalement, au moment de l&rsquo;ouverture du Salon de l&rsquo;Automobile \u00e0 Paris, la BMW 1 \u00e9tait pr\u00eate, dans toute sa splendeur et sa force motrice. Depuis son apparition et jusqu&rsquo;aujourd&rsquo;hui, les <em>277 CV<\/em> de la version routi\u00e8re de la M1 provoquent une fascination. Le nombre <em>d&rsquo;exemplaires limit\u00e9 \u00e0 460<\/em> contribue aussi \u00e0 donner une image de l\u00e9gende au mod\u00e8le.<\/p>\n<p>Et aujourd&rsquo;hui ? La BMW1 est devenue une des voitures de collection les plus aim\u00e9es de la deuxi\u00e8me d\u00e9cennie du 21\u00e8me si\u00e8cle. <strong>Ce n&rsquo;est pas pour rien que le prix de cette voiture peut s&rsquo;\u00e9lever au-del\u00e0 de 500 000 euros.<\/strong> Sa silhouette sportive, plate et originale fait tout de suite tomber sous son charme tous les spectateurs. Lorsque le moteur est lanc\u00e9, les sons de grondements font taire tous les autres bruits, les phares escamotables s&rsquo;activent et la soif de vitesse jaillit par tous les pores de la voiture de sport, ce qui \u00e9mane de la fascination.<\/p>\n<h3 style=\"text-align: center;\"><strong>Un fran\u00e7ais sur les traces de la Porsche<\/strong><\/h3>\n<p><img loading=\"lazy\" decoding=\"async\" class=\"aligncenter\" src=\"https:\/\/www.piecesauto-pro.fr\/magazine\/wp-content\/uploads\/2017\/08\/Renault-Alpine-A310-2.jpg\" alt=\"Renault Alpine A310\" width=\"525\" height=\"328\" \/>Bien que la fascination que d\u00e9gage BMW 1 ne peut \u00e0 peine \u00eatre d\u00e9pass\u00e9e, une voiture fran\u00e7aise remporte aussi un grand succ\u00e8s dans les ann\u00e9es 1970 et 1980. Le <strong><em>Renault Alpine A310<\/em><\/strong> faisait chavirer d\u00e9s 1973 les c\u0153urs en masse. Cela s&rsquo;explique surtout par la nouvelle intention de l&rsquo;entrepreneur <em>Jean R\u00e9d\u00e9l\u00e9<\/em>, qui ne visait pas seulement la sportivit\u00e9, mais aussi l&rsquo;\u00e9tablissement d&rsquo;un standard de r\u00e9f\u00e9rence \u00e9quip\u00e9 d&rsquo;un tout nouveau confort. En tant <em>que concurrent fran\u00e7ais de Porsche<\/em>, le but \u00e9tait de g\u00e9n\u00e9rer des nouvelles parts du march\u00e9. Comme chez Porsche, la A310 est \u00e9quip\u00e9 <em>d&rsquo;un moteur V6<\/em> et prend le qualificatif <em>2+2 places<\/em>. <strong><em>Petite anecdote:<\/em><\/strong> Les conceptions de la Renault Alpine A110 ont presque tous \u00e9taient fait dans le logement priv\u00e9 de R\u00e9d\u00e9l\u00e9. Selon un t\u00e9moin oculaire, les premiers plans, sch\u00e9mas et mod\u00e8les ont \u00e9t\u00e9 cr\u00e9es dans la cuisine, tandis que que le moteur quatre cylindres a \u00e9t\u00e9 con\u00e7u dans le salon. En 1971, le prototype fini de la Renault Alpine A310 est pr\u00e9sent\u00e9 au public \u00e0 Gen\u00e8ve.<\/p>\n<p><img loading=\"lazy\" decoding=\"async\" class=\"alignright\" src=\"https:\/\/www.piecesauto-pro.fr\/magazine\/wp-content\/uploads\/2017\/08\/Renault-Alpine-A310-1.jpg\" alt=\"Renault Alpine voiture de sport\" width=\"430\" height=\"250\" \/>Le bolide n&rsquo;est pas mont\u00e9 de fa\u00e7on r\u00e9volutionnaire, puisque R\u00e9d\u00e9l\u00e9 et son \u00e9quipe misaient surtout sur le <em>cadre tubulaire centrale (A110)<\/em>, <em>l&#8217;empattement de la A110 GT4<\/em> et<em> l&rsquo;ing\u00e9nierie de la traction arri\u00e8re de la Renault 8 et 10<\/em>. De plus, toutes les roues sont accroch\u00e9es individuellement et pourvues d&rsquo;un<em> bras inf\u00e9rieur transversal, de ressorts h\u00e9lico\u00efdales<\/em>, et <em>de barres antiroulis pour permettre \u00e0 la A310 de rester stable lors des conduites \u00e0 grande vitesse<\/em>. La nouveaut\u00e9 est la carrosserie \u00e0 poids r\u00e9duit en mati\u00e8re plastique renforc\u00e9e de fibres de verre dessin\u00e9e par le designer anglais Trevor Fiore.<br \/>\n<a href=\"https:\/\/www.piecesauto-pro.fr\/pieces-detachees\/bougie-moteur\/mf-bosch\"><img decoding=\"async\" class=\"aligncenter\" src=\"https:\/\/www.piecesauto-pro.fr\/magazine\/wp-content\/uploads\/2017\/08\/Bougies-dAllumage-de-BOSCH.jpg\" alt=\"Bougies d'Allumage de BOSCH\" \/><\/a><\/p>\n<h3 style=\"text-align: center;\"><strong>La Renault Alpine, largement en t\u00eate des listes de classements de voitures classiques<\/strong><\/h3>\n<p><img loading=\"lazy\" decoding=\"async\" class=\"alignleft\" src=\"https:\/\/www.piecesauto-pro.fr\/magazine\/wp-content\/uploads\/2017\/08\/Renault-Alpine-A310-3.jpg\" alt=\"voiture de collection Renault Alpine A310\" width=\"429\" height=\"357\" \/>Tandis que les premiers mod\u00e8les sont encore bas\u00e9s sur un moteur quatre cylindres, d&rsquo;autres variantes apparaissent au d\u00e9but de l&rsquo;ann\u00e9e 1975 avec un <em>moteur six cylindres PRV<\/em> et <em>les prototypes des moteurs V6<\/em>. Ces mod\u00e8les repr\u00e9sente encore aujourd&rsquo;hui une sportivit\u00e9 \u00e9minente, qui regroupe les sensation de course et le confort sportif. Presque aucun autre mod\u00e8le de Renault est appr\u00e9ci\u00e9, en tant que voiture de collection, comme l&rsquo;est l&rsquo;agr\u00e9able Renault Alpine. <strong>Selon l&rsquo;ann\u00e9e de fabrication et l&rsquo;\u00e9tat, vous devez compter pour obtenir un tel mod\u00e8le pr\u00e8s de 100 000 euros<\/strong>. Enfin, ces voitures sont souvent des l\u00e9gendes, et disposent, comme les BMW M1, d&rsquo;un statut embl\u00e9matique.<\/p>\n<p><span style=\"font-size: small;\">Foto: Auto Clasico, Jan Barnier, Anthony Seed, Dennis van der Meijs\/ flickr.com<\/span><\/p>\n","protected":false},"excerpt":{"rendered":"<p>Ce sont des l\u00e9gendes. Des l\u00e9gendes dont les origines sont dr\u00f4les et tragiques. Des l\u00e9gendes poss\u00e9dant un point commun: elles \u00e9taient d\u00e9j\u00e0 de bonnes voitures \u00e0 leurs fabrications, et sont devenues de v\u00e9ritables voitures de collection au cours du temps. Nous parlons des BMW M1 et des Renault Alpine. Que cela porte sur l&rsquo;apparence, la [&hellip;]<\/p>\n","protected":false},"author":1,"featured_media":823,"comment_status":"open","ping_status":"closed","sticky":false,"template":"","format":"standard","meta":{"footnotes":""},"categories":[9],"tags":[],"class_list":["post-822","post","type-post","status-publish","format-standard","has-post-thumbnail","hentry","category-oldtimers"],"_links":{"self":[{"href":"https:\/\/www.piecesauto-pro.fr\/magazine\/wp-json\/wp\/v2\/posts\/822","targetHints":{"allow":["GET"]}}],"collection":[{"href":"https:\/\/www.piecesauto-pro.fr\/magazine\/wp-json\/wp\/v2\/posts"}],"about":[{"href":"https:\/\/www.piecesauto-pro.fr\/magazine\/wp-json\/wp\/v2\/types\/post"}],"author":[{"embeddable":true,"href":"https:\/\/www.piecesauto-pro.fr\/magazine\/wp-json\/wp\/v2\/users\/1"}],"replies":[{"embeddable":true,"href":"https:\/\/www.piecesauto-pro.fr\/magazine\/wp-json\/wp\/v2\/comments?post=822"}],"version-history":[{"count":7,"href":"https:\/\/www.piecesauto-pro.fr\/magazine\/wp-json\/wp\/v2\/posts\/822\/revisions"}],"predecessor-version":[{"id":888,"href":"https:\/\/www.piecesauto-pro.fr\/magazine\/wp-json\/wp\/v2\/posts\/822\/revisions\/888"}],"wp:featuredmedia":[{"embeddable":true,"href":"https:\/\/www.piecesauto-pro.fr\/magazine\/wp-json\/wp\/v2\/media\/823"}],"wp:attachment":[{"href":"https:\/\/www.piecesauto-pro.fr\/magazine\/wp-json\/wp\/v2\/media?parent=822"}],"wp:term":[{"taxonomy":"category","embeddable":true,"href":"https:\/\/www.piecesauto-pro.fr\/magazine\/wp-json\/wp\/v2\/categories?post=822"},{"taxonomy":"post_tag","embeddable":true,"href":"https:\/\/www.piecesauto-pro.fr\/magazine\/wp-json\/wp\/v2\/tags?post=822"}],"curies":[{"name":"wp","href":"https:\/\/api.w.org\/{rel}","templated":true}]}}